{"id":3727,"date":"2023-01-16T12:54:52","date_gmt":"2023-01-16T11:54:52","guid":{"rendered":"https:\/\/downlleida.org\/?p=8170"},"modified":"2023-01-16T12:54:52","modified_gmt":"2023-01-16T11:54:52","slug":"xiii-jornada-tecnica","status":"publish","type":"post","link":"https:\/\/downlleida.org\/es\/xiii-jornada-tecnica\/","title":{"rendered":"XIII Jornada T\u00e9cnica"},"content":{"rendered":"\n<p>El d\u00eda 11 de febrero se celebrar\u00e1 la XII Jornada T\u00e9cnica DOWN LLEIDA sobre educaci\u00f3n inclusiva, dirigida a docentes, familias, alumnado y todas aquellas personas con inter\u00e9s por la tem\u00e1tica. <\/p>\n\n\n\n<p>La jornada cuenta con el apoyo del Institut de Ci\u00e8ncies de l&#8217;Educaci\u00f3 de la UDL y la Fundaci\u00f3n Mapfre. Se ha organizado en la Universitat de Lleida, en el edificio de la Facultat de Dret, Economia i Turisme (FDET), aula -1.04. <\/p>\n\n\n\n<ul class=\"wp-block-list\"><li>9:00 Entrega de documentaci\u00f3n<\/li><li>9:30 Inauguraci\u00f3n de la jornada<\/li><li>9:45 EL APRENDIZAJE COOPERATIVO: una metodolog\u00eda que favorece la presencia, participaci\u00f3n y el aprendizaje de todo el alumnado. A cargo de Jes\u00fas Soldevila<\/li><li>11:30 PAUSA<\/li><li>12:00 MESA REDONDA: Construimos red por la educaci\u00f3n inclusiva<\/li><li>13:00 Final de la jornada<\/li><\/ul>\n\n\n\n<div class=\"wp-block-image\"><figure class=\"aligncenter size-large is-resized\"><a href=\"https:\/\/downlleida.org\/wp-content\/uploads\/2023\/01\/Programa-Jornada-CAST-scaled.jpg\"><img decoding=\"async\" src=\"data:image\/svg+xml,%3Csvg%20xmlns%3D%27http%3A%2F%2Fwww.w3.org%2F2000%2Fsvg%27%20width%3D%27418%27%20height%3D%27591%27%20viewBox%3D%270%200%20418%20591%27%3E%3Crect%20width%3D%27418%27%20height%3D%27591%27%20fill-opacity%3D%220%22%2F%3E%3C%2Fsvg%3E\" data-orig-src=\"https:\/\/downlleida.org\/wp-content\/uploads\/2023\/01\/Programa-Jornada-CAST-724x1024.jpg\" alt=\"\" class=\"lazyload wp-image-8201\" width=\"418\" height=\"591\"\/><\/a><\/figure><\/div>\n\n\n\n<p><\/p>\n\n\n\n<div class=\"wp-block-buttons is-layout-flex wp-block-buttons-is-layout-flex\">\n<div class=\"wp-block-button aligncenter\"><a class=\"wp-block-button__link has-ast-global-color-0-background-color has-background\" href=\"https:\/\/forms.office.com\/e\/xug3VVZFCt\">Inscripciones aqu\u00ed<\/a><\/div>\n<\/div>\n","protected":false},"excerpt":{"rendered":"<p>El d\u00eda 11 de febrero se celebrar\u00e1 la XII Jornada [&hellip;]<\/p>\n","protected":false},"author":1,"featured_media":3389,"comment_status":"open","ping_status":"open","sticky":false,"template":"","format":"standard","meta":{"footnotes":""},"categories":[18],"tags":[],"class_list":["post-3727","post","type-post","status-publish","format-standard","has-post-thumbnail","hentry","category-sin-categorizar"],"yoast_head":"<!-- This site is optimized with the Yoast SEO plugin v20.0 - https:\/\/yoast.com\/wordpress\/plugins\/seo\/ -->\n<title>XIII Jornada T\u00e9cnica - Down Lleida<\/title>\n<meta name=\"robots\" content=\"index, follow, max-snippet:-1, max-image-preview:large, max-video-preview:-1\" \/>\n<link rel=\"canonical\" href=\"https:\/\/downlleida.org\/es\/xiii-jornada-tecnica\/\" \/>\n<meta property=\"og:locale\" content=\"es_ES\" \/>\n<meta property=\"og:type\" content=\"article\" \/>\n<meta property=\"og:title\" content=\"XIII Jornada T\u00e9cnica - Down Lleida\" \/>\n<meta property=\"og:description\" content=\"El d\u00eda 11 de febrero se celebrar\u00e1 la XII Jornada [&hellip;]\" \/>\n<meta property=\"og:url\" content=\"https:\/\/downlleida.org\/es\/xiii-jornada-tecnica\/\" \/>\n<meta property=\"og:site_name\" content=\"Down Lleida\" \/>\n<meta property=\"article:published_time\" content=\"2023-01-16T11:54:52+00:00\" \/>\n<meta property=\"og:image\" content=\"https:\/\/downlleida.org\/wp-content\/uploads\/2023\/01\/Anunci-data-cast.png\" \/>\n\t<meta property=\"og:image:width\" content=\"1080\" \/>\n\t<meta property=\"og:image:height\" content=\"1350\" \/>\n\t<meta property=\"og:image:type\" content=\"image\/png\" \/>\n<meta name=\"author\" content=\"admin\" \/>\n<meta name=\"twitter:card\" content=\"summary_large_image\" \/>\n<meta name=\"twitter:label1\" content=\"Escrito por\" \/>\n\t<meta name=\"twitter:data1\" content=\"admin\" \/>\n\t<meta name=\"twitter:label2\" content=\"Tiempo de lectura\" \/>\n\t<meta name=\"twitter:data2\" content=\"1 minuto\" \/>\n<script type=\"application\/ld+json\" class=\"yoast-schema-graph\">{\"@context\":\"https:\/\/schema.org\",\"@graph\":[{\"@type\":\"WebPage\",\"@id\":\"https:\/\/downlleida.org\/es\/xiii-jornada-tecnica\/\",\"url\":\"https:\/\/downlleida.org\/es\/xiii-jornada-tecnica\/\",\"name\":\"XIII Jornada T\u00e9cnica - Down Lleida\",\"isPartOf\":{\"@id\":\"https:\/\/downlleida.org\/#website\"},\"datePublished\":\"2023-01-16T11:54:52+00:00\",\"dateModified\":\"2023-01-16T11:54:52+00:00\",\"author\":{\"@id\":\"https:\/\/downlleida.org\/#\/schema\/person\/08ac42d34cc8f6abfce6d88fa264cde7\"},\"breadcrumb\":{\"@id\":\"https:\/\/downlleida.org\/es\/xiii-jornada-tecnica\/#breadcrumb\"},\"inLanguage\":\"es\",\"potentialAction\":[{\"@type\":\"ReadAction\",\"target\":[\"https:\/\/downlleida.org\/es\/xiii-jornada-tecnica\/\"]}]},{\"@type\":\"BreadcrumbList\",\"@id\":\"https:\/\/downlleida.org\/es\/xiii-jornada-tecnica\/#breadcrumb\",\"itemListElement\":[{\"@type\":\"ListItem\",\"position\":1,\"name\":\"Portada\",\"item\":\"https:\/\/downlleida.org\/es\/\"},{\"@type\":\"ListItem\",\"position\":2,\"name\":\"XIII Jornada T\u00e9cnica\"}]},{\"@type\":\"WebSite\",\"@id\":\"https:\/\/downlleida.org\/#website\",\"url\":\"https:\/\/downlleida.org\/\",\"name\":\"Down Lleida\",\"description\":\"Associaci\u00f3 Lleidatana per a la S\u00edndrome de Down\",\"potentialAction\":[{\"@type\":\"SearchAction\",\"target\":{\"@type\":\"EntryPoint\",\"urlTemplate\":\"https:\/\/downlleida.org\/?s={search_term_string}\"},\"query-input\":\"required name=search_term_string\"}],\"inLanguage\":\"es\"},{\"@type\":\"Person\",\"@id\":\"https:\/\/downlleida.org\/#\/schema\/person\/08ac42d34cc8f6abfce6d88fa264cde7\",\"name\":\"admin\",\"image\":{\"@type\":\"ImageObject\",\"inLanguage\":\"es\",\"@id\":\"https:\/\/downlleida.org\/#\/schema\/person\/image\/\",\"url\":\"https:\/\/secure.gravatar.com\/avatar\/3d8771e958295f415804336505f0c6faebfe16c066754f8f90e0b5a1023ffc77?s=96&d=mm&r=g\",\"contentUrl\":\"https:\/\/secure.gravatar.com\/avatar\/3d8771e958295f415804336505f0c6faebfe16c066754f8f90e0b5a1023ffc77?s=96&d=mm&r=g\",\"caption\":\"admin\"},\"sameAs\":[\"https:\/\/downlleida.org\"],\"url\":\"https:\/\/downlleida.org\/es\/author\/down_5gorj32b\/\"}]}<\/script>\n<!-- \/ Yoast SEO plugin. -->","yoast_head_json":{"title":"XIII Jornada T\u00e9cnica - Down Lleida","robots":{"index":"index","follow":"follow","max-snippet":"max-snippet:-1","max-image-preview":"max-image-preview:large","max-video-preview":"max-video-preview:-1"},"canonical":"https:\/\/downlleida.org\/es\/xiii-jornada-tecnica\/","og_locale":"es_ES","og_type":"article","og_title":"XIII Jornada T\u00e9cnica - Down Lleida","og_description":"El d\u00eda 11 de febrero se celebrar\u00e1 la XII Jornada [&hellip;]","og_url":"https:\/\/downlleida.org\/es\/xiii-jornada-tecnica\/","og_site_name":"Down Lleida","article_published_time":"2023-01-16T11:54:52+00:00","og_image":[{"width":1080,"height":1350,"url":"https:\/\/downlleida.org\/wp-content\/uploads\/2023\/01\/Anunci-data-cast.png","type":"image\/png"}],"author":"admin","twitter_card":"summary_large_image","twitter_misc":{"Escrito por":"admin","Tiempo de lectura":"1 minuto"},"schema":{"@context":"https:\/\/schema.org","@graph":[{"@type":"WebPage","@id":"https:\/\/downlleida.org\/es\/xiii-jornada-tecnica\/","url":"https:\/\/downlleida.org\/es\/xiii-jornada-tecnica\/","name":"XIII Jornada T\u00e9cnica - Down Lleida","isPartOf":{"@id":"https:\/\/downlleida.org\/#website"},"datePublished":"2023-01-16T11:54:52+00:00","dateModified":"2023-01-16T11:54:52+00:00","author":{"@id":"https:\/\/downlleida.org\/#\/schema\/person\/08ac42d34cc8f6abfce6d88fa264cde7"},"breadcrumb":{"@id":"https:\/\/downlleida.org\/es\/xiii-jornada-tecnica\/#breadcrumb"},"inLanguage":"es","potentialAction":[{"@type":"ReadAction","target":["https:\/\/downlleida.org\/es\/xiii-jornada-tecnica\/"]}]},{"@type":"BreadcrumbList","@id":"https:\/\/downlleida.org\/es\/xiii-jornada-tecnica\/#breadcrumb","itemListElement":[{"@type":"ListItem","position":1,"name":"Portada","item":"https:\/\/downlleida.org\/es\/"},{"@type":"ListItem","position":2,"name":"XIII Jornada T\u00e9cnica"}]},{"@type":"WebSite","@id":"https:\/\/downlleida.org\/#website","url":"https:\/\/downlleida.org\/","name":"Down Lleida","description":"Associaci\u00f3 Lleidatana per a la S\u00edndrome de Down","potentialAction":[{"@type":"SearchAction","target":{"@type":"EntryPoint","urlTemplate":"https:\/\/downlleida.org\/?s={search_term_string}"},"query-input":"required name=search_term_string"}],"inLanguage":"es"},{"@type":"Person","@id":"https:\/\/downlleida.org\/#\/schema\/person\/08ac42d34cc8f6abfce6d88fa264cde7","name":"admin","image":{"@type":"ImageObject","inLanguage":"es","@id":"https:\/\/downlleida.org\/#\/schema\/person\/image\/","url":"https:\/\/secure.gravatar.com\/avatar\/3d8771e958295f415804336505f0c6faebfe16c066754f8f90e0b5a1023ffc77?s=96&d=mm&r=g","contentUrl":"https:\/\/secure.gravatar.com\/avatar\/3d8771e958295f415804336505f0c6faebfe16c066754f8f90e0b5a1023ffc77?s=96&d=mm&r=g","caption":"admin"},"sameAs":["https:\/\/downlleida.org"],"url":"https:\/\/downlleida.org\/es\/author\/down_5gorj32b\/"}]}},"_links":{"self":[{"href":"https:\/\/downlleida.org\/es\/wp-json\/wp\/v2\/posts\/3727","targetHints":{"allow":["GET"]}}],"collection":[{"href":"https:\/\/downlleida.org\/es\/wp-json\/wp\/v2\/posts"}],"about":[{"href":"https:\/\/downlleida.org\/es\/wp-json\/wp\/v2\/types\/post"}],"author":[{"embeddable":true,"href":"https:\/\/downlleida.org\/es\/wp-json\/wp\/v2\/users\/1"}],"replies":[{"embeddable":true,"href":"https:\/\/downlleida.org\/es\/wp-json\/wp\/v2\/comments?post=3727"}],"version-history":[{"count":0,"href":"https:\/\/downlleida.org\/es\/wp-json\/wp\/v2\/posts\/3727\/revisions"}],"wp:featuredmedia":[{"embeddable":true,"href":"https:\/\/downlleida.org\/es\/wp-json\/wp\/v2\/media\/3389"}],"wp:attachment":[{"href":"https:\/\/downlleida.org\/es\/wp-json\/wp\/v2\/media?parent=3727"}],"wp:term":[{"taxonomy":"category","embeddable":true,"href":"https:\/\/downlleida.org\/es\/wp-json\/wp\/v2\/categories?post=3727"},{"taxonomy":"post_tag","embeddable":true,"href":"https:\/\/downlleida.org\/es\/wp-json\/wp\/v2\/tags?post=3727"}],"curies":[{"name":"wp","href":"https:\/\/api.w.org\/{rel}","templated":true}]}}