{"id":3729,"date":"2022-12-13T14:52:48","date_gmt":"2022-12-13T13:52:48","guid":{"rendered":"https:\/\/downlleida.org\/?p=8112"},"modified":"2022-12-13T14:52:48","modified_gmt":"2022-12-13T13:52:48","slug":"calendario-solidario-203","status":"publish","type":"post","link":"https:\/\/downlleida.org\/es\/calendario-solidario-203\/","title":{"rendered":"Calendario solidario 203"},"content":{"rendered":"\n<p>Para el pr\u00f3ximo 2023, \u00a1el calendario de Down Lleida va sobre ruedas! Y es que las fotografias que acompa\u00f1an cada uno de los meses del a\u00f1o han sido realizadas con vehiculos hist\u00f3ricos gracias a la colaboraci\u00f3n del Club de Vehiculos Hist\u00f3ricos de Lleida.<\/p>\n\n\n\n<p>Las im\u00e1genes, un a\u00f1o m\u00e1s, han sido realizadas de forma desinteresada por Julian Garcia y Reinald Pomes, que acompa\u00f1a la parte audiovisual con un making off espectacular. <\/p>\n\n\n\n<p>No te quedes sin tu ejemplar de sobremesa o de pared.<\/p>\n\n\n\n<figure class=\"wp-block-embed is-type-video is-provider-vimeo wp-block-embed-vimeo wp-embed-aspect-16-9 wp-has-aspect-ratio\"><div class=\"wp-block-embed__wrapper\">\n<div class=\"video-shortcode\"><iframe class=\"lazyload\" title=\"DOWN Lleida - Calendari Solidari 2023\" src=\"data:image\/svg+xml,%3Csvg%20xmlns%3D%27http%3A%2F%2Fwww.w3.org%2F2000%2Fsvg%27%20width%3D%271200%27%20height%3D%27675%27%20viewBox%3D%270%200%201200%20675%27%3E%3Crect%20width%3D%271200%27%20height%3D%27675%27%20fill-opacity%3D%220%22%2F%3E%3C%2Fsvg%3E\" data-orig-src=\"https:\/\/player.vimeo.com\/video\/774955398?h=91c3f3e1a4&amp;dnt=1&amp;app_id=122963\" width=\"1200\" height=\"675\" frameborder=\"0\" allow=\"autoplay; fullscreen; picture-in-picture\" allowfullscreen><\/iframe><\/div>\n<\/div><\/figure>\n\n\n\n<div class=\"wp-block-image\"><figure class=\"aligncenter size-medium\"><a href=\"https:\/\/downlleida.org\/wp-content\/uploads\/2022\/12\/Punts-de-venda-calendari-2023.png\"><img decoding=\"async\" src=\"data:image\/svg+xml,%3Csvg%20xmlns%3D%27http%3A%2F%2Fwww.w3.org%2F2000%2Fsvg%27%20width%3D%27240%27%20height%3D%27300%27%20viewBox%3D%270%200%20240%20300%27%3E%3Crect%20width%3D%27240%27%20height%3D%27300%27%20fill-opacity%3D%220%22%2F%3E%3C%2Fsvg%3E\" data-orig-src=\"https:\/\/downlleida.org\/wp-content\/uploads\/2022\/12\/Punts-de-venda-calendari-2023-240x300.png\" alt=\"\" class=\"lazyload wp-image-8109\"\/><\/a><figcaption>Amplia la imagen para consultar todos los puntos de venta<\/figcaption><\/figure><\/div>\n","protected":false},"excerpt":{"rendered":"<p>Para el pr\u00f3ximo 2023, \u00a1el calendario de Down Lleida va [&hellip;]<\/p>\n","protected":false},"author":1,"featured_media":3415,"comment_status":"open","ping_status":"open","sticky":false,"template":"","format":"standard","meta":{"footnotes":""},"categories":[18],"tags":[],"class_list":["post-3729","post","type-post","status-publish","format-standard","has-post-thumbnail","hentry","category-sin-categorizar"],"yoast_head":"<!-- This site is optimized with the Yoast SEO plugin v20.0 - https:\/\/yoast.com\/wordpress\/plugins\/seo\/ -->\n<title>Calendario solidario 203 - Down Lleida<\/title>\n<meta name=\"robots\" content=\"index, follow, max-snippet:-1, max-image-preview:large, max-video-preview:-1\" \/>\n<link rel=\"canonical\" href=\"https:\/\/downlleida.org\/es\/calendario-solidario-203\/\" \/>\n<meta property=\"og:locale\" content=\"es_ES\" \/>\n<meta property=\"og:type\" content=\"article\" \/>\n<meta property=\"og:title\" content=\"Calendario solidario 203 - Down Lleida\" \/>\n<meta property=\"og:description\" content=\"Para el pr\u00f3ximo 2023, \u00a1el calendario de Down Lleida va [&hellip;]\" \/>\n<meta property=\"og:url\" content=\"https:\/\/downlleida.org\/es\/calendario-solidario-203\/\" \/>\n<meta property=\"og:site_name\" content=\"Down Lleida\" \/>\n<meta property=\"article:published_time\" content=\"2022-12-13T13:52:48+00:00\" \/>\n<meta property=\"og:image\" content=\"https:\/\/downlleida.org\/wp-content\/uploads\/2022\/12\/Difusio-calendari-2023-per-XXSS.png\" \/>\n\t<meta property=\"og:image:width\" content=\"1080\" \/>\n\t<meta property=\"og:image:height\" content=\"1350\" \/>\n\t<meta property=\"og:image:type\" content=\"image\/png\" \/>\n<meta name=\"author\" content=\"admin\" \/>\n<meta name=\"twitter:card\" content=\"summary_large_image\" \/>\n<meta name=\"twitter:label1\" content=\"Escrito por\" \/>\n\t<meta name=\"twitter:data1\" content=\"admin\" \/>\n\t<meta name=\"twitter:label2\" content=\"Tiempo de lectura\" \/>\n\t<meta name=\"twitter:data2\" content=\"1 minuto\" \/>\n<script type=\"application\/ld+json\" class=\"yoast-schema-graph\">{\"@context\":\"https:\/\/schema.org\",\"@graph\":[{\"@type\":\"WebPage\",\"@id\":\"https:\/\/downlleida.org\/es\/calendario-solidario-203\/\",\"url\":\"https:\/\/downlleida.org\/es\/calendario-solidario-203\/\",\"name\":\"Calendario solidario 203 - Down Lleida\",\"isPartOf\":{\"@id\":\"https:\/\/downlleida.org\/#website\"},\"datePublished\":\"2022-12-13T13:52:48+00:00\",\"dateModified\":\"2022-12-13T13:52:48+00:00\",\"author\":{\"@id\":\"https:\/\/downlleida.org\/#\/schema\/person\/08ac42d34cc8f6abfce6d88fa264cde7\"},\"breadcrumb\":{\"@id\":\"https:\/\/downlleida.org\/es\/calendario-solidario-203\/#breadcrumb\"},\"inLanguage\":\"es\",\"potentialAction\":[{\"@type\":\"ReadAction\",\"target\":[\"https:\/\/downlleida.org\/es\/calendario-solidario-203\/\"]}]},{\"@type\":\"BreadcrumbList\",\"@id\":\"https:\/\/downlleida.org\/es\/calendario-solidario-203\/#breadcrumb\",\"itemListElement\":[{\"@type\":\"ListItem\",\"position\":1,\"name\":\"Portada\",\"item\":\"https:\/\/downlleida.org\/es\/\"},{\"@type\":\"ListItem\",\"position\":2,\"name\":\"Calendario solidario 203\"}]},{\"@type\":\"WebSite\",\"@id\":\"https:\/\/downlleida.org\/#website\",\"url\":\"https:\/\/downlleida.org\/\",\"name\":\"Down Lleida\",\"description\":\"Associaci\u00f3 Lleidatana per a la S\u00edndrome de Down\",\"potentialAction\":[{\"@type\":\"SearchAction\",\"target\":{\"@type\":\"EntryPoint\",\"urlTemplate\":\"https:\/\/downlleida.org\/?s={search_term_string}\"},\"query-input\":\"required name=search_term_string\"}],\"inLanguage\":\"es\"},{\"@type\":\"Person\",\"@id\":\"https:\/\/downlleida.org\/#\/schema\/person\/08ac42d34cc8f6abfce6d88fa264cde7\",\"name\":\"admin\",\"image\":{\"@type\":\"ImageObject\",\"inLanguage\":\"es\",\"@id\":\"https:\/\/downlleida.org\/#\/schema\/person\/image\/\",\"url\":\"https:\/\/secure.gravatar.com\/avatar\/3d8771e958295f415804336505f0c6faebfe16c066754f8f90e0b5a1023ffc77?s=96&d=mm&r=g\",\"contentUrl\":\"https:\/\/secure.gravatar.com\/avatar\/3d8771e958295f415804336505f0c6faebfe16c066754f8f90e0b5a1023ffc77?s=96&d=mm&r=g\",\"caption\":\"admin\"},\"sameAs\":[\"https:\/\/downlleida.org\"],\"url\":\"https:\/\/downlleida.org\/es\/author\/down_5gorj32b\/\"}]}<\/script>\n<!-- \/ Yoast SEO plugin. -->","yoast_head_json":{"title":"Calendario solidario 203 - Down Lleida","robots":{"index":"index","follow":"follow","max-snippet":"max-snippet:-1","max-image-preview":"max-image-preview:large","max-video-preview":"max-video-preview:-1"},"canonical":"https:\/\/downlleida.org\/es\/calendario-solidario-203\/","og_locale":"es_ES","og_type":"article","og_title":"Calendario solidario 203 - Down Lleida","og_description":"Para el pr\u00f3ximo 2023, \u00a1el calendario de Down Lleida va [&hellip;]","og_url":"https:\/\/downlleida.org\/es\/calendario-solidario-203\/","og_site_name":"Down Lleida","article_published_time":"2022-12-13T13:52:48+00:00","og_image":[{"width":1080,"height":1350,"url":"https:\/\/downlleida.org\/wp-content\/uploads\/2022\/12\/Difusio-calendari-2023-per-XXSS.png","type":"image\/png"}],"author":"admin","twitter_card":"summary_large_image","twitter_misc":{"Escrito por":"admin","Tiempo de lectura":"1 minuto"},"schema":{"@context":"https:\/\/schema.org","@graph":[{"@type":"WebPage","@id":"https:\/\/downlleida.org\/es\/calendario-solidario-203\/","url":"https:\/\/downlleida.org\/es\/calendario-solidario-203\/","name":"Calendario solidario 203 - Down Lleida","isPartOf":{"@id":"https:\/\/downlleida.org\/#website"},"datePublished":"2022-12-13T13:52:48+00:00","dateModified":"2022-12-13T13:52:48+00:00","author":{"@id":"https:\/\/downlleida.org\/#\/schema\/person\/08ac42d34cc8f6abfce6d88fa264cde7"},"breadcrumb":{"@id":"https:\/\/downlleida.org\/es\/calendario-solidario-203\/#breadcrumb"},"inLanguage":"es","potentialAction":[{"@type":"ReadAction","target":["https:\/\/downlleida.org\/es\/calendario-solidario-203\/"]}]},{"@type":"BreadcrumbList","@id":"https:\/\/downlleida.org\/es\/calendario-solidario-203\/#breadcrumb","itemListElement":[{"@type":"ListItem","position":1,"name":"Portada","item":"https:\/\/downlleida.org\/es\/"},{"@type":"ListItem","position":2,"name":"Calendario solidario 203"}]},{"@type":"WebSite","@id":"https:\/\/downlleida.org\/#website","url":"https:\/\/downlleida.org\/","name":"Down Lleida","description":"Associaci\u00f3 Lleidatana per a la S\u00edndrome de Down","potentialAction":[{"@type":"SearchAction","target":{"@type":"EntryPoint","urlTemplate":"https:\/\/downlleida.org\/?s={search_term_string}"},"query-input":"required name=search_term_string"}],"inLanguage":"es"},{"@type":"Person","@id":"https:\/\/downlleida.org\/#\/schema\/person\/08ac42d34cc8f6abfce6d88fa264cde7","name":"admin","image":{"@type":"ImageObject","inLanguage":"es","@id":"https:\/\/downlleida.org\/#\/schema\/person\/image\/","url":"https:\/\/secure.gravatar.com\/avatar\/3d8771e958295f415804336505f0c6faebfe16c066754f8f90e0b5a1023ffc77?s=96&d=mm&r=g","contentUrl":"https:\/\/secure.gravatar.com\/avatar\/3d8771e958295f415804336505f0c6faebfe16c066754f8f90e0b5a1023ffc77?s=96&d=mm&r=g","caption":"admin"},"sameAs":["https:\/\/downlleida.org"],"url":"https:\/\/downlleida.org\/es\/author\/down_5gorj32b\/"}]}},"_links":{"self":[{"href":"https:\/\/downlleida.org\/es\/wp-json\/wp\/v2\/posts\/3729","targetHints":{"allow":["GET"]}}],"collection":[{"href":"https:\/\/downlleida.org\/es\/wp-json\/wp\/v2\/posts"}],"about":[{"href":"https:\/\/downlleida.org\/es\/wp-json\/wp\/v2\/types\/post"}],"author":[{"embeddable":true,"href":"https:\/\/downlleida.org\/es\/wp-json\/wp\/v2\/users\/1"}],"replies":[{"embeddable":true,"href":"https:\/\/downlleida.org\/es\/wp-json\/wp\/v2\/comments?post=3729"}],"version-history":[{"count":0,"href":"https:\/\/downlleida.org\/es\/wp-json\/wp\/v2\/posts\/3729\/revisions"}],"wp:featuredmedia":[{"embeddable":true,"href":"https:\/\/downlleida.org\/es\/wp-json\/wp\/v2\/media\/3415"}],"wp:attachment":[{"href":"https:\/\/downlleida.org\/es\/wp-json\/wp\/v2\/media?parent=3729"}],"wp:term":[{"taxonomy":"category","embeddable":true,"href":"https:\/\/downlleida.org\/es\/wp-json\/wp\/v2\/categories?post=3729"},{"taxonomy":"post_tag","embeddable":true,"href":"https:\/\/downlleida.org\/es\/wp-json\/wp\/v2\/tags?post=3729"}],"curies":[{"name":"wp","href":"https:\/\/api.w.org\/{rel}","templated":true}]}}