{"id":3838,"date":"2020-01-23T11:12:07","date_gmt":"2020-01-23T10:12:07","guid":{"rendered":"http:\/\/downlleida.org\/?p=4899"},"modified":"2020-01-23T11:12:07","modified_gmt":"2020-01-23T10:12:07","slug":"compartimos-miradas-sobre-educacion-inclusiva","status":"publish","type":"post","link":"https:\/\/downlleida.org\/es\/compartimos-miradas-sobre-educacion-inclusiva\/","title":{"rendered":"Compartimos miradas sobre educaci\u00f3n inclusiva"},"content":{"rendered":"\n<p>Hoy en d\u00eda muchos ni\u00f1os con discapacidad intelectual est\u00e1n siendo derivados a centros de educaci\u00f3n especial o van a escuelas donde no reciben los apoyos que necesitan, viendo as\u00ed vulnerado su derecho a una plena inclusi\u00f3n en la sociedad. Para hablar sobre la necesidad de cambiar esta realidad, el pasado s\u00e1bado 18 de enero, se celebr\u00f3 la XI Jornada T\u00e9cnica DOWN LLEIDA en la Universidad de Lleida. Fue una jornada en la que diferentes profesionales de la educaci\u00f3n y la pedagog\u00eda compartieron experiencias sobre la educaci\u00f3n inclusiva, y tambi\u00e9n tuvo lugar una mesa redonda en la que los asistentes pudieron compartir y comentar experiencias educativas en entornos inclusivos.<\/p>\n\n\n\n<p>La <strong><em>sra. Elizondo <\/em><\/strong>comenz\u00f3 su exposici\u00f3n recordando que seg\u00fan la UNESCO, la educaci\u00f3n inclusiva es <strong>presencia, participaci\u00f3n y logros<\/strong>. No podemos considerar la educaci\u00f3n inclusiva como un premio, sino como un <strong>DERECHO <\/strong>que tenemos que trabajar desde el modelo de calidad de vida. Tambi\u00e9n anim\u00f3 a pasar de este derecho a la educaci\u00f3n, al derecho en la educaci\u00f3n con calidad.  Algunos de los modelos que propuso son: Dise\u00f1o Universal del Aprendizaje, Aprendizaje basado en Proyectos, Aprendizaje Cooperativo, etc. Tambi\u00e9n se puso sobre la mesa la necesidad de trabajar desde una verdadera cultura de colaboraci\u00f3n; donde desde la \u00e9tica todos los miembros de la comunidad educativa trabajen juntos para conseguir el mismo objetivo. <\/p>\n\n\n\n<p>En la mesa redonda pudimos escuchar la experiencia de la <strong><em>Escola Bressol Municipal Sec\u00e0 de Sant Pere<\/em><\/strong>, donde explicaron como Vera, con s\u00edndrome de Down, forma parte activa del aula junto al resto de ni\u00f1os y ni\u00f1as que cada grupo y cada alumno son diferentes y se debe individualizar. En el caso del<strong><em> Institut l&#8217;Olivera<\/em><\/strong>, donde estudia \u00c0ngela, que tambi\u00e9n tiene s\u00edndrome de Down, destacaron la importancia del traspaso de informaci\u00f3n, formaci\u00f3n del equipo, dise\u00f1o del plan individualizado en base a las potencialidades de la persona, integrar bien la persona en el centro, coordinaci\u00f3n docente y velar por la participaci\u00f3n. Y la <strong><em>Escola Frederic Godas<\/em><\/strong> defiende la idea de que las herramientas que utiliza para el resto del aula tambi\u00e9n son \u00fatiles para el alumnado con s\u00edndrome de Down, como Abdo, que est\u00e1 escolarizado en primaria en este centro.<\/p>\n\n\n\n<p> Para terminar la <strong><em>sra. Esteve<\/em><\/strong> hizo una exposici\u00f3n sobre el nuevo decreto de educaci\u00f3n, y c\u00f3mo podemos hacer una apliaci\u00f3n pr\u00e1ctica en los centros docentes. <\/p>\n\n\n\n<p>Queremos agradecer la implicaci\u00f3n de todas las personas que han hecho posible la celebraci\u00f3n de esta Jornada T\u00e9cnica, as\u00ed como de las instituciones y centros educativos que han colaborado. En especial la jornada ha sido posible gracias al apoyo de la Fundaci\u00f3n ONCE a trav\u00e9s de su convocatoria anual de proyectos. <\/p>\n\n\n\n<ul class=\"wp-block-gallery columns-4 is-cropped wp-block-gallery-1 is-layout-flex wp-block-gallery-is-layout-flex\"><li class=\"blocks-gallery-item\"><figure><a href=\"http:\/\/downlleida.org\/wp-content\/uploads\/2020\/01\/P1010810-1024x576.jpg\"><img decoding=\"async\" src=\"data:image\/gif;base64,R0lGODlhAQABAAAAACH5BAEKAAEALAAAAAABAAEAAAICTAEAOw==\" data-orig-src=\"http:\/\/downlleida.org\/wp-content\/uploads\/2020\/01\/P1010810-1024x576.jpg\" alt=\"\" data-id=\"4903\" data-link=\"http:\/\/downlleida.org\/?attachment_id=4903\" class=\"lazyload wp-image-4903\"\/><\/a><\/figure><\/li><li class=\"blocks-gallery-item\"><figure><a href=\"http:\/\/downlleida.org\/wp-content\/uploads\/2020\/01\/P1010814-1024x576.jpg\"><img decoding=\"async\" src=\"data:image\/gif;base64,R0lGODlhAQABAAAAACH5BAEKAAEALAAAAAABAAEAAAICTAEAOw==\" data-orig-src=\"http:\/\/downlleida.org\/wp-content\/uploads\/2020\/01\/P1010814-1024x576.jpg\" alt=\"\" data-id=\"4905\" data-link=\"http:\/\/downlleida.org\/?attachment_id=4905\" class=\"lazyload wp-image-4905\"\/><\/a><\/figure><\/li><li class=\"blocks-gallery-item\"><figure><a href=\"http:\/\/downlleida.org\/wp-content\/uploads\/2020\/01\/P1010825-1024x576.jpg\"><img decoding=\"async\" src=\"data:image\/gif;base64,R0lGODlhAQABAAAAACH5BAEKAAEALAAAAAABAAEAAAICTAEAOw==\" data-orig-src=\"http:\/\/downlleida.org\/wp-content\/uploads\/2020\/01\/P1010825-1024x576.jpg\" alt=\"\" data-id=\"4907\" data-link=\"http:\/\/downlleida.org\/?attachment_id=4907\" class=\"lazyload wp-image-4907\"\/><\/a><\/figure><\/li><li class=\"blocks-gallery-item\"><figure><a href=\"http:\/\/downlleida.org\/wp-content\/uploads\/2020\/01\/P1010833-1024x576.jpg\"><img decoding=\"async\" src=\"data:image\/gif;base64,R0lGODlhAQABAAAAACH5BAEKAAEALAAAAAABAAEAAAICTAEAOw==\" data-orig-src=\"http:\/\/downlleida.org\/wp-content\/uploads\/2020\/01\/P1010833-1024x576.jpg\" alt=\"\" data-id=\"4909\" data-link=\"http:\/\/downlleida.org\/?attachment_id=4909\" class=\"lazyload wp-image-4909\"\/><\/a><\/figure><\/li><li class=\"blocks-gallery-item\"><figure><a href=\"http:\/\/downlleida.org\/wp-content\/uploads\/2020\/01\/P1010840-1024x576.jpg\"><img decoding=\"async\" src=\"data:image\/gif;base64,R0lGODlhAQABAAAAACH5BAEKAAEALAAAAAABAAEAAAICTAEAOw==\" data-orig-src=\"http:\/\/downlleida.org\/wp-content\/uploads\/2020\/01\/P1010840-1024x576.jpg\" alt=\"\" data-id=\"4911\" data-link=\"http:\/\/downlleida.org\/?attachment_id=4911\" class=\"lazyload wp-image-4911\"\/><\/a><\/figure><\/li><li class=\"blocks-gallery-item\"><figure><a href=\"http:\/\/downlleida.org\/wp-content\/uploads\/2020\/01\/P1010848-1024x576.jpg\"><img decoding=\"async\" src=\"data:image\/gif;base64,R0lGODlhAQABAAAAACH5BAEKAAEALAAAAAABAAEAAAICTAEAOw==\" data-orig-src=\"http:\/\/downlleida.org\/wp-content\/uploads\/2020\/01\/P1010848-1024x576.jpg\" alt=\"\" data-id=\"4913\" data-link=\"http:\/\/downlleida.org\/?attachment_id=4913\" class=\"lazyload wp-image-4913\"\/><\/a><\/figure><\/li><li class=\"blocks-gallery-item\"><figure><a href=\"http:\/\/downlleida.org\/wp-content\/uploads\/2020\/01\/P1010867-1024x576.jpg\"><img decoding=\"async\" src=\"data:image\/gif;base64,R0lGODlhAQABAAAAACH5BAEKAAEALAAAAAABAAEAAAICTAEAOw==\" data-orig-src=\"http:\/\/downlleida.org\/wp-content\/uploads\/2020\/01\/P1010867-1024x576.jpg\" alt=\"\" data-id=\"4915\" data-link=\"http:\/\/downlleida.org\/?attachment_id=4915\" class=\"lazyload wp-image-4915\"\/><\/a><\/figure><\/li><\/ul>\n\n\n<p><!--EndFragment--><\/p>\n<p><\/p>","protected":false},"excerpt":{"rendered":"<p>Hoy en d\u00eda muchos ni\u00f1os con discapacidad intelectual est\u00e1n siendo [&hellip;]<\/p>\n","protected":false},"author":1,"featured_media":3839,"comment_status":"open","ping_status":"open","sticky":false,"template":"","format":"standard","meta":{"footnotes":""},"categories":[18],"tags":[],"class_list":["post-3838","post","type-post","status-publish","format-standard","has-post-thumbnail","hentry","category-sin-categorizar"],"yoast_head":"<!-- This site is optimized with the Yoast SEO plugin v20.0 - https:\/\/yoast.com\/wordpress\/plugins\/seo\/ -->\n<title>Compartimos miradas sobre educaci\u00f3n inclusiva - Down Lleida<\/title>\n<meta name=\"robots\" content=\"index, follow, max-snippet:-1, max-image-preview:large, max-video-preview:-1\" \/>\n<link rel=\"canonical\" href=\"https:\/\/downlleida.org\/es\/compartimos-miradas-sobre-educacion-inclusiva\/\" \/>\n<meta property=\"og:locale\" content=\"es_ES\" \/>\n<meta property=\"og:type\" content=\"article\" \/>\n<meta property=\"og:title\" content=\"Compartimos miradas sobre educaci\u00f3n inclusiva - Down Lleida\" \/>\n<meta property=\"og:description\" content=\"Hoy en d\u00eda muchos ni\u00f1os con discapacidad intelectual est\u00e1n siendo [&hellip;]\" \/>\n<meta property=\"og:url\" content=\"https:\/\/downlleida.org\/es\/compartimos-miradas-sobre-educacion-inclusiva\/\" \/>\n<meta property=\"og:site_name\" content=\"Down Lleida\" \/>\n<meta property=\"article:published_time\" content=\"2020-01-23T10:12:07+00:00\" \/>\n<meta property=\"og:image\" content=\"https:\/\/downlleida.org\/wp-content\/uploads\/2020\/01\/P1010822-scaled.jpg\" \/>\n\t<meta property=\"og:image:width\" content=\"2560\" \/>\n\t<meta property=\"og:image:height\" content=\"1441\" \/>\n\t<meta property=\"og:image:type\" content=\"image\/jpeg\" \/>\n<meta name=\"author\" content=\"admin\" \/>\n<meta name=\"twitter:card\" content=\"summary_large_image\" \/>\n<meta name=\"twitter:label1\" content=\"Escrito por\" \/>\n\t<meta name=\"twitter:data1\" content=\"admin\" \/>\n\t<meta name=\"twitter:label2\" content=\"Tiempo de lectura\" \/>\n\t<meta name=\"twitter:data2\" content=\"2 minutos\" \/>\n<script type=\"application\/ld+json\" class=\"yoast-schema-graph\">{\"@context\":\"https:\/\/schema.org\",\"@graph\":[{\"@type\":\"WebPage\",\"@id\":\"https:\/\/downlleida.org\/es\/compartimos-miradas-sobre-educacion-inclusiva\/\",\"url\":\"https:\/\/downlleida.org\/es\/compartimos-miradas-sobre-educacion-inclusiva\/\",\"name\":\"Compartimos miradas sobre educaci\u00f3n inclusiva - Down Lleida\",\"isPartOf\":{\"@id\":\"https:\/\/downlleida.org\/#website\"},\"datePublished\":\"2020-01-23T10:12:07+00:00\",\"dateModified\":\"2020-01-23T10:12:07+00:00\",\"author\":{\"@id\":\"https:\/\/downlleida.org\/#\/schema\/person\/08ac42d34cc8f6abfce6d88fa264cde7\"},\"breadcrumb\":{\"@id\":\"https:\/\/downlleida.org\/es\/compartimos-miradas-sobre-educacion-inclusiva\/#breadcrumb\"},\"inLanguage\":\"es\",\"potentialAction\":[{\"@type\":\"ReadAction\",\"target\":[\"https:\/\/downlleida.org\/es\/compartimos-miradas-sobre-educacion-inclusiva\/\"]}]},{\"@type\":\"BreadcrumbList\",\"@id\":\"https:\/\/downlleida.org\/es\/compartimos-miradas-sobre-educacion-inclusiva\/#breadcrumb\",\"itemListElement\":[{\"@type\":\"ListItem\",\"position\":1,\"name\":\"Portada\",\"item\":\"https:\/\/downlleida.org\/es\/\"},{\"@type\":\"ListItem\",\"position\":2,\"name\":\"Compartimos miradas sobre educaci\u00f3n inclusiva\"}]},{\"@type\":\"WebSite\",\"@id\":\"https:\/\/downlleida.org\/#website\",\"url\":\"https:\/\/downlleida.org\/\",\"name\":\"Down Lleida\",\"description\":\"Associaci\u00f3 Lleidatana per a la S\u00edndrome de Down\",\"potentialAction\":[{\"@type\":\"SearchAction\",\"target\":{\"@type\":\"EntryPoint\",\"urlTemplate\":\"https:\/\/downlleida.org\/?s={search_term_string}\"},\"query-input\":\"required name=search_term_string\"}],\"inLanguage\":\"es\"},{\"@type\":\"Person\",\"@id\":\"https:\/\/downlleida.org\/#\/schema\/person\/08ac42d34cc8f6abfce6d88fa264cde7\",\"name\":\"admin\",\"image\":{\"@type\":\"ImageObject\",\"inLanguage\":\"es\",\"@id\":\"https:\/\/downlleida.org\/#\/schema\/person\/image\/\",\"url\":\"https:\/\/secure.gravatar.com\/avatar\/3d8771e958295f415804336505f0c6faebfe16c066754f8f90e0b5a1023ffc77?s=96&d=mm&r=g\",\"contentUrl\":\"https:\/\/secure.gravatar.com\/avatar\/3d8771e958295f415804336505f0c6faebfe16c066754f8f90e0b5a1023ffc77?s=96&d=mm&r=g\",\"caption\":\"admin\"},\"sameAs\":[\"https:\/\/downlleida.org\"],\"url\":\"https:\/\/downlleida.org\/es\/author\/down_5gorj32b\/\"}]}<\/script>\n<!-- \/ Yoast SEO plugin. -->","yoast_head_json":{"title":"Compartimos miradas sobre educaci\u00f3n inclusiva - Down Lleida","robots":{"index":"index","follow":"follow","max-snippet":"max-snippet:-1","max-image-preview":"max-image-preview:large","max-video-preview":"max-video-preview:-1"},"canonical":"https:\/\/downlleida.org\/es\/compartimos-miradas-sobre-educacion-inclusiva\/","og_locale":"es_ES","og_type":"article","og_title":"Compartimos miradas sobre educaci\u00f3n inclusiva - Down Lleida","og_description":"Hoy en d\u00eda muchos ni\u00f1os con discapacidad intelectual est\u00e1n siendo [&hellip;]","og_url":"https:\/\/downlleida.org\/es\/compartimos-miradas-sobre-educacion-inclusiva\/","og_site_name":"Down Lleida","article_published_time":"2020-01-23T10:12:07+00:00","og_image":[{"width":2560,"height":1441,"url":"https:\/\/downlleida.org\/wp-content\/uploads\/2020\/01\/P1010822-scaled.jpg","type":"image\/jpeg"}],"author":"admin","twitter_card":"summary_large_image","twitter_misc":{"Escrito por":"admin","Tiempo de lectura":"2 minutos"},"schema":{"@context":"https:\/\/schema.org","@graph":[{"@type":"WebPage","@id":"https:\/\/downlleida.org\/es\/compartimos-miradas-sobre-educacion-inclusiva\/","url":"https:\/\/downlleida.org\/es\/compartimos-miradas-sobre-educacion-inclusiva\/","name":"Compartimos miradas sobre educaci\u00f3n inclusiva - Down Lleida","isPartOf":{"@id":"https:\/\/downlleida.org\/#website"},"datePublished":"2020-01-23T10:12:07+00:00","dateModified":"2020-01-23T10:12:07+00:00","author":{"@id":"https:\/\/downlleida.org\/#\/schema\/person\/08ac42d34cc8f6abfce6d88fa264cde7"},"breadcrumb":{"@id":"https:\/\/downlleida.org\/es\/compartimos-miradas-sobre-educacion-inclusiva\/#breadcrumb"},"inLanguage":"es","potentialAction":[{"@type":"ReadAction","target":["https:\/\/downlleida.org\/es\/compartimos-miradas-sobre-educacion-inclusiva\/"]}]},{"@type":"BreadcrumbList","@id":"https:\/\/downlleida.org\/es\/compartimos-miradas-sobre-educacion-inclusiva\/#breadcrumb","itemListElement":[{"@type":"ListItem","position":1,"name":"Portada","item":"https:\/\/downlleida.org\/es\/"},{"@type":"ListItem","position":2,"name":"Compartimos miradas sobre educaci\u00f3n inclusiva"}]},{"@type":"WebSite","@id":"https:\/\/downlleida.org\/#website","url":"https:\/\/downlleida.org\/","name":"Down Lleida","description":"Associaci\u00f3 Lleidatana per a la S\u00edndrome de Down","potentialAction":[{"@type":"SearchAction","target":{"@type":"EntryPoint","urlTemplate":"https:\/\/downlleida.org\/?s={search_term_string}"},"query-input":"required name=search_term_string"}],"inLanguage":"es"},{"@type":"Person","@id":"https:\/\/downlleida.org\/#\/schema\/person\/08ac42d34cc8f6abfce6d88fa264cde7","name":"admin","image":{"@type":"ImageObject","inLanguage":"es","@id":"https:\/\/downlleida.org\/#\/schema\/person\/image\/","url":"https:\/\/secure.gravatar.com\/avatar\/3d8771e958295f415804336505f0c6faebfe16c066754f8f90e0b5a1023ffc77?s=96&d=mm&r=g","contentUrl":"https:\/\/secure.gravatar.com\/avatar\/3d8771e958295f415804336505f0c6faebfe16c066754f8f90e0b5a1023ffc77?s=96&d=mm&r=g","caption":"admin"},"sameAs":["https:\/\/downlleida.org"],"url":"https:\/\/downlleida.org\/es\/author\/down_5gorj32b\/"}]}},"_links":{"self":[{"href":"https:\/\/downlleida.org\/es\/wp-json\/wp\/v2\/posts\/3838","targetHints":{"allow":["GET"]}}],"collection":[{"href":"https:\/\/downlleida.org\/es\/wp-json\/wp\/v2\/posts"}],"about":[{"href":"https:\/\/downlleida.org\/es\/wp-json\/wp\/v2\/types\/post"}],"author":[{"embeddable":true,"href":"https:\/\/downlleida.org\/es\/wp-json\/wp\/v2\/users\/1"}],"replies":[{"embeddable":true,"href":"https:\/\/downlleida.org\/es\/wp-json\/wp\/v2\/comments?post=3838"}],"version-history":[{"count":0,"href":"https:\/\/downlleida.org\/es\/wp-json\/wp\/v2\/posts\/3838\/revisions"}],"wp:featuredmedia":[{"embeddable":true,"href":"https:\/\/downlleida.org\/es\/wp-json\/wp\/v2\/media\/3839"}],"wp:attachment":[{"href":"https:\/\/downlleida.org\/es\/wp-json\/wp\/v2\/media?parent=3838"}],"wp:term":[{"taxonomy":"category","embeddable":true,"href":"https:\/\/downlleida.org\/es\/wp-json\/wp\/v2\/categories?post=3838"},{"taxonomy":"post_tag","embeddable":true,"href":"https:\/\/downlleida.org\/es\/wp-json\/wp\/v2\/tags?post=3838"}],"curies":[{"name":"wp","href":"https:\/\/api.w.org\/{rel}","templated":true}]}}